{"id":1774,"date":"2025-08-13T15:02:12","date_gmt":"2025-08-13T15:02:12","guid":{"rendered":"https:\/\/www.mamzelleconfetti.com\/eychenne-esquerre-avocats\/?p=1774"},"modified":"2025-08-13T15:05:26","modified_gmt":"2025-08-13T15:05:26","slug":"obligation-de-securite-de-lemployeur-ou-commence-la-responsabilite","status":"publish","type":"post","link":"https:\/\/www.mamzelleconfetti.com\/eychenne-esquerre-avocats\/2025\/08\/13\/obligation-de-securite-de-lemployeur-ou-commence-la-responsabilite\/","title":{"rendered":"Obligation de s\u00e9curit\u00e9 de l\u2019employeur : o\u00f9 commence la responsabilit\u00e9 ?"},"content":{"rendered":"","protected":false},"excerpt":{"rendered":"<p>Un devoir l\u00e9gal qui ne s\u2019arr\u00eate pas aux portes de l\u2019entreprise : panorama des obligations et des risques.<\/p>\n","protected":false},"author":1,"featured_media":1770,"comment_status":"open","ping_status":"open","sticky":false,"template":"","format":"standard","meta":{"footnotes":""},"categories":[9],"tags":[],"class_list":["post-1774","post","type-post","status-publish","format-standard","has-post-thumbnail","hentry","category-droit-du-travail"],"_links":{"self":[{"href":"https:\/\/www.mamzelleconfetti.com\/eychenne-esquerre-avocats\/wp-json\/wp\/v2\/posts\/1774","targetHints":{"allow":["GET"]}}],"collection":[{"href":"https:\/\/www.mamzelleconfetti.com\/eychenne-esquerre-avocats\/wp-json\/wp\/v2\/posts"}],"about":[{"href":"https:\/\/www.mamzelleconfetti.com\/eychenne-esquerre-avocats\/wp-json\/wp\/v2\/types\/post"}],"author":[{"embeddable":true,"href":"https:\/\/www.mamzelleconfetti.com\/eychenne-esquerre-avocats\/wp-json\/wp\/v2\/users\/1"}],"replies":[{"embeddable":true,"href":"https:\/\/www.mamzelleconfetti.com\/eychenne-esquerre-avocats\/wp-json\/wp\/v2\/comments?post=1774"}],"version-history":[{"count":1,"href":"https:\/\/www.mamzelleconfetti.com\/eychenne-esquerre-avocats\/wp-json\/wp\/v2\/posts\/1774\/revisions"}],"predecessor-version":[{"id":1775,"href":"https:\/\/www.mamzelleconfetti.com\/eychenne-esquerre-avocats\/wp-json\/wp\/v2\/posts\/1774\/revisions\/1775"}],"wp:featuredmedia":[{"embeddable":true,"href":"https:\/\/www.mamzelleconfetti.com\/eychenne-esquerre-avocats\/wp-json\/wp\/v2\/media\/1770"}],"wp:attachment":[{"href":"https:\/\/www.mamzelleconfetti.com\/eychenne-esquerre-avocats\/wp-json\/wp\/v2\/media?parent=1774"}],"wp:term":[{"taxonomy":"category","embeddable":true,"href":"https:\/\/www.mamzelleconfetti.com\/eychenne-esquerre-avocats\/wp-json\/wp\/v2\/categories?post=1774"},{"taxonomy":"post_tag","embeddable":true,"href":"https:\/\/www.mamzelleconfetti.com\/eychenne-esquerre-avocats\/wp-json\/wp\/v2\/tags?post=1774"}],"curies":[{"name":"wp","href":"https:\/\/api.w.org\/{rel}","templated":true}]}}