{"id":1777,"date":"2025-08-13T15:04:57","date_gmt":"2025-08-13T15:04:57","guid":{"rendered":"https:\/\/www.mamzelleconfetti.com\/eychenne-esquerre-avocats\/?p=1777"},"modified":"2025-08-13T15:04:57","modified_gmt":"2025-08-13T15:04:57","slug":"sens-du-travail-et-souffrance-comment-le-droit-peut-agir","status":"publish","type":"post","link":"https:\/\/www.mamzelleconfetti.com\/eychenne-esquerre-avocats\/2025\/08\/13\/sens-du-travail-et-souffrance-comment-le-droit-peut-agir\/","title":{"rendered":"Sens du travail et souffrance : comment le droit peut agir ?"},"content":{"rendered":"","protected":false},"excerpt":{"rendered":"<p>Quand le manque de sens g\u00e9n\u00e8re de la souffrance, le droit devient un outil de protection et de r\u00e9paration.<\/p>\n","protected":false},"author":1,"featured_media":1768,"comment_status":"open","ping_status":"open","sticky":false,"template":"","format":"standard","meta":{"footnotes":""},"categories":[8],"tags":[],"class_list":["post-1777","post","type-post","status-publish","format-standard","has-post-thumbnail","hentry","category-pyschodynamique-du-travail"],"_links":{"self":[{"href":"https:\/\/www.mamzelleconfetti.com\/eychenne-esquerre-avocats\/wp-json\/wp\/v2\/posts\/1777","targetHints":{"allow":["GET"]}}],"collection":[{"href":"https:\/\/www.mamzelleconfetti.com\/eychenne-esquerre-avocats\/wp-json\/wp\/v2\/posts"}],"about":[{"href":"https:\/\/www.mamzelleconfetti.com\/eychenne-esquerre-avocats\/wp-json\/wp\/v2\/types\/post"}],"author":[{"embeddable":true,"href":"https:\/\/www.mamzelleconfetti.com\/eychenne-esquerre-avocats\/wp-json\/wp\/v2\/users\/1"}],"replies":[{"embeddable":true,"href":"https:\/\/www.mamzelleconfetti.com\/eychenne-esquerre-avocats\/wp-json\/wp\/v2\/comments?post=1777"}],"version-history":[{"count":1,"href":"https:\/\/www.mamzelleconfetti.com\/eychenne-esquerre-avocats\/wp-json\/wp\/v2\/posts\/1777\/revisions"}],"predecessor-version":[{"id":1778,"href":"https:\/\/www.mamzelleconfetti.com\/eychenne-esquerre-avocats\/wp-json\/wp\/v2\/posts\/1777\/revisions\/1778"}],"wp:featuredmedia":[{"embeddable":true,"href":"https:\/\/www.mamzelleconfetti.com\/eychenne-esquerre-avocats\/wp-json\/wp\/v2\/media\/1768"}],"wp:attachment":[{"href":"https:\/\/www.mamzelleconfetti.com\/eychenne-esquerre-avocats\/wp-json\/wp\/v2\/media?parent=1777"}],"wp:term":[{"taxonomy":"category","embeddable":true,"href":"https:\/\/www.mamzelleconfetti.com\/eychenne-esquerre-avocats\/wp-json\/wp\/v2\/categories?post=1777"},{"taxonomy":"post_tag","embeddable":true,"href":"https:\/\/www.mamzelleconfetti.com\/eychenne-esquerre-avocats\/wp-json\/wp\/v2\/tags?post=1777"}],"curies":[{"name":"wp","href":"https:\/\/api.w.org\/{rel}","templated":true}]}}